{"id":1868,"date":"2017-02-21T11:49:24","date_gmt":"2017-02-21T11:49:24","guid":{"rendered":"https:\/\/bergetalent.es\/?p=1868"},"modified":"2020-10-24T18:54:53","modified_gmt":"2020-10-24T18:54:53","slug":"presentation-of-the-10th-edition-of-the-berge-international-talent-programme","status":"publish","type":"post","link":"https:\/\/bergetalent.es\/en\/presentation-of-the-10th-edition-of-the-berge-international-talent-programme\/","title":{"rendered":"Presentation of the 10th Edition of the Berg\u00e9 International Talent Programme 2017"},"content":{"rendered":"<p>On 6 February, the official presentation of the 10th Edition of the Berg\u00e9 International Talent Programme took place in Madrid.<\/p>\n<p>This year, 6 women and 4 men took part from the Chung-Ang University in Korea and the Hitotsubashi University in Japan.<\/p>\n<p>The event included a presentation from the company, followed by breakfast. Students, the Chairman of Berg\u00e9 y Compa\u00f1\u00eda, Jaime Gorbe\u00f1a, the teachers and other representatives from Berg\u00e9 y Compa\u00f1\u00eda. attended the event.<\/p>\n<p>The participants had completed internships at various Berg\u00e9 companies and will be with us until 10 March.<\/p>\n<p><img loading=\"lazy\" decoding=\"async\" class=\"alignnone size-full wp-image-1856\" src=\"https:\/\/bergetalent.es\/wp-content\/uploads\/2017\/02\/IMG_4552.jpg\" alt=\"IMG_4552\" width=\"3264\" height=\"2448\" srcset=\"https:\/\/bergetalent.es\/wp-content\/uploads\/2017\/02\/IMG_4552.jpg 3264w, https:\/\/bergetalent.es\/wp-content\/uploads\/2017\/02\/IMG_4552-300x225.jpg 300w, https:\/\/bergetalent.es\/wp-content\/uploads\/2017\/02\/IMG_4552-768x576.jpg 768w, https:\/\/bergetalent.es\/wp-content\/uploads\/2017\/02\/IMG_4552-1024x768.jpg 1024w, https:\/\/bergetalent.es\/wp-content\/uploads\/2017\/02\/IMG_4552-330x248.jpg 330w, https:\/\/bergetalent.es\/wp-content\/uploads\/2017\/02\/IMG_4552-1707x1280.jpg 1707w, https:\/\/bergetalent.es\/wp-content\/uploads\/2017\/02\/IMG_4552-552x414.jpg 552w, https:\/\/bergetalent.es\/wp-content\/uploads\/2017\/02\/IMG_4552-1280x960.jpg 1280w, https:\/\/bergetalent.es\/wp-content\/uploads\/2017\/02\/IMG_4552-414x311.jpg 414w\" sizes=\"auto, (max-width: 3264px) 100vw, 3264px\" \/><\/p>\n","protected":false},"excerpt":{"rendered":"<p>On 6 February, the official presentation of the 10th Edition of the Berg\u00e9 International Talent Programme took place in Madrid. This year, 6 women and 4 men took part from the Chung-Ang University in Korea and the Hitotsubashi University in Japan. The event included a presentation from the company, followed by breakfast. Students, the Chairman [&hellip;]<\/p>\n","protected":false},"author":8,"featured_media":1859,"comment_status":"closed","ping_status":"closed","sticky":false,"template":"","format":"standard","meta":{"footnotes":""},"categories":[2],"tags":[],"class_list":["post-1868","post","type-post","status-publish","format-standard","has-post-thumbnail","hentry","category-uncategorized"],"aioseo_notices":[],"_links":{"self":[{"href":"https:\/\/bergetalent.es\/en\/wp-json\/wp\/v2\/posts\/1868","targetHints":{"allow":["GET"]}}],"collection":[{"href":"https:\/\/bergetalent.es\/en\/wp-json\/wp\/v2\/posts"}],"about":[{"href":"https:\/\/bergetalent.es\/en\/wp-json\/wp\/v2\/types\/post"}],"author":[{"embeddable":true,"href":"https:\/\/bergetalent.es\/en\/wp-json\/wp\/v2\/users\/8"}],"replies":[{"embeddable":true,"href":"https:\/\/bergetalent.es\/en\/wp-json\/wp\/v2\/comments?post=1868"}],"version-history":[{"count":7,"href":"https:\/\/bergetalent.es\/en\/wp-json\/wp\/v2\/posts\/1868\/revisions"}],"predecessor-version":[{"id":3158,"href":"https:\/\/bergetalent.es\/en\/wp-json\/wp\/v2\/posts\/1868\/revisions\/3158"}],"wp:featuredmedia":[{"embeddable":true,"href":"https:\/\/bergetalent.es\/en\/wp-json\/wp\/v2\/media\/1859"}],"wp:attachment":[{"href":"https:\/\/bergetalent.es\/en\/wp-json\/wp\/v2\/media?parent=1868"}],"wp:term":[{"taxonomy":"category","embeddable":true,"href":"https:\/\/bergetalent.es\/en\/wp-json\/wp\/v2\/categories?post=1868"},{"taxonomy":"post_tag","embeddable":true,"href":"https:\/\/bergetalent.es\/en\/wp-json\/wp\/v2\/tags?post=1868"}],"curies":[{"name":"wp","href":"https:\/\/api.w.org\/{rel}","templated":true}]}}